{"id":72,"date":"2018-05-24T08:04:19","date_gmt":"2018-05-24T08:04:19","guid":{"rendered":"http:\/\/verkehrswende-jetzt.de\/?p=72"},"modified":"2018-06-04T09:59:42","modified_gmt":"2018-06-04T09:59:42","slug":"bitte-wenden","status":"publish","type":"post","link":"http:\/\/verkehrswende-jetzt.de\/?p=72","title":{"rendered":"Bitte wenden!"},"content":{"rendered":"<p>Das B\u00fcndnis <em><strong>V<\/strong><\/em><strong><em>erkehrswende-jetzt<\/em><\/strong> fordert von der Landesregierung:<\/p>\n<p>1. Ein Ende der Kungelei zwischen Regierung und Automobilindustrie. Wenn \u00fcber die Zukunft der Mobilit\u00e4t geredet wird, m\u00fcssen B\u00fcrgerInnen, Zivilgesellschaft und Verkehrsverb\u00e4nde mit an den Tisch.<\/p>\n<p>2. Schluss mit dem Betrug an Autok\u00e4uferInnen und der Vergiftung der Bev\u00f6lkerung durch Feinstaub und Stickoxide.<\/p>\n<p>3. Den Beginn einer echten <strong>Verkehrswende<\/strong>, und zwar <strong>jetzt!<\/strong><\/p>\n","protected":false},"excerpt":{"rendered":"<p>Das B\u00fcndnis Verkehrswende-jetzt fordert von der Landesregierung: 1. Ein Ende der Kungelei zwischen Regierung und Automobilindustrie. Wenn \u00fcber die Zukunft der Mobilit\u00e4t geredet wird, m\u00fcssen B\u00fcrgerInnen, Zivilgesellschaft und Verkehrsverb\u00e4nde mit an den Tisch. 2. Schluss mit dem Betrug an Autok\u00e4uferInnen und der Vergiftung der Bev\u00f6lkerung durch Feinstaub und Stickoxide. 3. Den Beginn einer echten Verkehrswende, &hellip; <a href=\"http:\/\/verkehrswende-jetzt.de\/?p=72\" class=\"more-link\"><span class=\"screen-reader-text\">Bitte wenden!<\/span> weiterlesen<\/a><\/p>\n","protected":false},"author":1,"featured_media":0,"comment_status":"open","ping_status":"open","sticky":false,"template":"","format":"standard","meta":{"footnotes":""},"categories":[1],"tags":[],"class_list":["post-72","post","type-post","status-publish","format-standard","hentry","category-uncategorized"],"_links":{"self":[{"href":"http:\/\/verkehrswende-jetzt.de\/index.php?rest_route=\/wp\/v2\/posts\/72","targetHints":{"allow":["GET"]}}],"collection":[{"href":"http:\/\/verkehrswende-jetzt.de\/index.php?rest_route=\/wp\/v2\/posts"}],"about":[{"href":"http:\/\/verkehrswende-jetzt.de\/index.php?rest_route=\/wp\/v2\/types\/post"}],"author":[{"embeddable":true,"href":"http:\/\/verkehrswende-jetzt.de\/index.php?rest_route=\/wp\/v2\/users\/1"}],"replies":[{"embeddable":true,"href":"http:\/\/verkehrswende-jetzt.de\/index.php?rest_route=%2Fwp%2Fv2%2Fcomments&post=72"}],"version-history":[{"count":8,"href":"http:\/\/verkehrswende-jetzt.de\/index.php?rest_route=\/wp\/v2\/posts\/72\/revisions"}],"predecessor-version":[{"id":166,"href":"http:\/\/verkehrswende-jetzt.de\/index.php?rest_route=\/wp\/v2\/posts\/72\/revisions\/166"}],"wp:attachment":[{"href":"http:\/\/verkehrswende-jetzt.de\/index.php?rest_route=%2Fwp%2Fv2%2Fmedia&parent=72"}],"wp:term":[{"taxonomy":"category","embeddable":true,"href":"http:\/\/verkehrswende-jetzt.de\/index.php?rest_route=%2Fwp%2Fv2%2Fcategories&post=72"},{"taxonomy":"post_tag","embeddable":true,"href":"http:\/\/verkehrswende-jetzt.de\/index.php?rest_route=%2Fwp%2Fv2%2Ftags&post=72"}],"curies":[{"name":"wp","href":"https:\/\/api.w.org\/{rel}","templated":true}]}}