{"id":448,"date":"2020-09-15T08:30:44","date_gmt":"2020-09-15T08:30:44","guid":{"rendered":"http:\/\/verkehrswende-jetzt.de\/?p=448"},"modified":"2020-09-15T08:30:45","modified_gmt":"2020-09-15T08:30:45","slug":"demo-am-18-9-20","status":"publish","type":"post","link":"http:\/\/verkehrswende-jetzt.de\/?p=448","title":{"rendered":"Demo am 18.9.20"},"content":{"rendered":"\n<figure class=\"wp-block-image size-large\"><img loading=\"lazy\" decoding=\"async\" width=\"582\" height=\"582\" src=\"http:\/\/verkehrswende-jetzt.de\/wp-content\/uploads\/2020\/09\/18-Sept-2020_Demo-Stadt-fuer-Menschen__web-neu2.jpg\" alt=\"\" class=\"wp-image-449\" srcset=\"http:\/\/verkehrswende-jetzt.de\/wp-content\/uploads\/2020\/09\/18-Sept-2020_Demo-Stadt-fuer-Menschen__web-neu2.jpg 582w, http:\/\/verkehrswende-jetzt.de\/wp-content\/uploads\/2020\/09\/18-Sept-2020_Demo-Stadt-fuer-Menschen__web-neu2-300x300.jpg 300w, http:\/\/verkehrswende-jetzt.de\/wp-content\/uploads\/2020\/09\/18-Sept-2020_Demo-Stadt-fuer-Menschen__web-neu2-150x150.jpg 150w\" sizes=\"auto, (max-width: 582px) 100vw, 582px\" \/><\/figure>\n\n\n\n<p><strong>Fr, 18. September 2020, 16:00 Uhr &#8211; 18:00 Uhr<\/strong><br>Dorotheenstra\u00dfe, Stuttgart<br>Veranstalter: KUS \u2022 FUSS e.V. \u2022 VCD Stuttgart \u2022 ADFC Stgt. \u2022 Critical Mass Stgt. \u2022 Naturfreunde Stgt. \u2022 Naturfreunde Radgruppe Stgt. \u2022 Aktionsb\u00fcndnis gegen Stuttgart 21 \u2022 PRO BAHN Stgt. \u2022 Die AnStifter \u2022 F4F \u2022 attac Stgt. \u2022 Greenpeace Stgt. \u2022 Robin Wood Stgt. \u2022 Verkehrswende-Jetzt! Das breite B\u00fcndnis wirbt im Rahmen der EUROP\u00c4ISCHEN MOBILIT\u00c4TSWOCHE f\u00fcr eine nachhaltige Mobilit\u00e4t.<\/p>\n\n\n\n<p>Wir treten ein f\u00fcr eine menschenfreundliche Stadt, in welcher der Verkehr f\u00fcr Fu\u00dfg\u00e4nger, Radfahrer und \u00f6ffentliche Verkehrsmittel harmonisiert ist. Damit wird ein Schritt hin zum Pariser Klimaziel 1,5 Grad bis 2030 getan.<\/p>\n\n\n\n<p>Zwei Demonstrationsz\u00fcge (Fahrraddemo und Fu\u00dfg\u00e4ngerdemo) starten jeweils um 16 Uhr:<\/p>\n\n\n\n<ul class=\"wp-block-list\"><li>Fu\u00dfg\u00e4ngerdemo ab U-Bahnhaltestelle Bopser<\/li><li>Radfahrerdemo ab Erwin-SchoettlePlatz<\/li><\/ul>\n\n\n\n<p>Diese treffen sich zur Abschlusskundgebung<br>17 h, Kundgebung Dorotheenstra\u00dfe, Ecke Karlsplatz<\/p>\n\n\n\n<p>Mit Redebeitr\u00e4gen von Barbara Metz, DUH und<br>Christoph Ozasek, Regionalparlament Stuttgart<\/p>\n","protected":false},"excerpt":{"rendered":"<p>Fr, 18. September 2020, 16:00 Uhr &#8211; 18:00 UhrDorotheenstra\u00dfe, StuttgartVeranstalter: KUS \u2022 FUSS e.V. \u2022 VCD Stuttgart \u2022 ADFC Stgt. \u2022 Critical Mass Stgt. \u2022 Naturfreunde Stgt. \u2022 Naturfreunde Radgruppe Stgt. \u2022 Aktionsb\u00fcndnis gegen Stuttgart 21 \u2022 PRO BAHN Stgt. \u2022 Die AnStifter \u2022 F4F \u2022 attac Stgt. \u2022 Greenpeace Stgt. \u2022 Robin Wood Stgt. &hellip; <a href=\"http:\/\/verkehrswende-jetzt.de\/?p=448\" class=\"more-link\"><span class=\"screen-reader-text\">Demo am 18.9.20<\/span> weiterlesen<\/a><\/p>\n","protected":false},"author":1,"featured_media":0,"comment_status":"open","ping_status":"open","sticky":false,"template":"","format":"standard","meta":{"footnotes":""},"categories":[1],"tags":[],"class_list":["post-448","post","type-post","status-publish","format-standard","hentry","category-uncategorized"],"_links":{"self":[{"href":"http:\/\/verkehrswende-jetzt.de\/index.php?rest_route=\/wp\/v2\/posts\/448","targetHints":{"allow":["GET"]}}],"collection":[{"href":"http:\/\/verkehrswende-jetzt.de\/index.php?rest_route=\/wp\/v2\/posts"}],"about":[{"href":"http:\/\/verkehrswende-jetzt.de\/index.php?rest_route=\/wp\/v2\/types\/post"}],"author":[{"embeddable":true,"href":"http:\/\/verkehrswende-jetzt.de\/index.php?rest_route=\/wp\/v2\/users\/1"}],"replies":[{"embeddable":true,"href":"http:\/\/verkehrswende-jetzt.de\/index.php?rest_route=%2Fwp%2Fv2%2Fcomments&post=448"}],"version-history":[{"count":1,"href":"http:\/\/verkehrswende-jetzt.de\/index.php?rest_route=\/wp\/v2\/posts\/448\/revisions"}],"predecessor-version":[{"id":450,"href":"http:\/\/verkehrswende-jetzt.de\/index.php?rest_route=\/wp\/v2\/posts\/448\/revisions\/450"}],"wp:attachment":[{"href":"http:\/\/verkehrswende-jetzt.de\/index.php?rest_route=%2Fwp%2Fv2%2Fmedia&parent=448"}],"wp:term":[{"taxonomy":"category","embeddable":true,"href":"http:\/\/verkehrswende-jetzt.de\/index.php?rest_route=%2Fwp%2Fv2%2Fcategories&post=448"},{"taxonomy":"post_tag","embeddable":true,"href":"http:\/\/verkehrswende-jetzt.de\/index.php?rest_route=%2Fwp%2Fv2%2Ftags&post=448"}],"curies":[{"name":"wp","href":"https:\/\/api.w.org\/{rel}","templated":true}]}}