{"id":379,"date":"2019-08-15T06:58:28","date_gmt":"2019-08-15T06:58:28","guid":{"rendered":"http:\/\/verkehrswende-jetzt.de\/?p=379"},"modified":"2019-08-15T06:58:30","modified_gmt":"2019-08-15T06:58:30","slug":"autogipfel-2019","status":"publish","type":"post","link":"http:\/\/verkehrswende-jetzt.de\/?p=379","title":{"rendered":"Autogipfel 2019"},"content":{"rendered":"\n<h2 class=\"wp-block-heading\">Es geht wieder los! &#8211; Handelsblatt Autogipfel 2019 bei Porsche<\/h2>\n\n\n\n<p>Vom 23.10.19 bis 25.10.19 findet in Stuttgart der diesj\u00e4hrige Autogipfel des Handelsblatts statt. Zum schlanken Preis von 2600 Euro erhalten Geneigte im Porschemuseum die M\u00f6glichkeit , den Ausf\u00fchrungen der Vorst\u00e4nde von Daimler, Porsche, BMW und Opel \u00fcber die Zukunft der Mobilit\u00e4t zu lauschen.  (<a rel=\"noreferrer noopener\" aria-label=\" (\u00f6ffnet in neuem Tab)\" href=\"https:\/\/veranstaltungen.handelsblatt.com\/autogipfel\/auto-gipfel-2019\/programm-2019\/\" target=\"_blank\">https:\/\/veranstaltungen.handelsblatt.com\/autogipfel\/auto-gipfel-2019\/programm-2019\/<\/a>)<\/p>\n\n\n\n<figure class=\"wp-block-image\"><img loading=\"lazy\" decoding=\"async\" width=\"1024\" height=\"681\" src=\"http:\/\/verkehrswende-jetzt.de\/wp-content\/uploads\/2019\/08\/porsche-3584084_1280-1024x681.jpg\" alt=\"\" class=\"wp-image-380\" srcset=\"http:\/\/verkehrswende-jetzt.de\/wp-content\/uploads\/2019\/08\/porsche-3584084_1280-1024x681.jpg 1024w, http:\/\/verkehrswende-jetzt.de\/wp-content\/uploads\/2019\/08\/porsche-3584084_1280-300x199.jpg 300w, http:\/\/verkehrswende-jetzt.de\/wp-content\/uploads\/2019\/08\/porsche-3584084_1280-768x511.jpg 768w, http:\/\/verkehrswende-jetzt.de\/wp-content\/uploads\/2019\/08\/porsche-3584084_1280.jpg 1280w\" sizes=\"auto, (max-width: 1024px) 100vw, 1024px\" \/><figcaption>Bildquelle: <a href=\"https:\/\/pixabay.com\/de\/photos\/porsche-wrack-gebrochen-alte-3584084\/\">https:\/\/pixabay.com\/de\/photos\/porsche-wrack-gebrochen-alte-3584084\/<\/a><\/figcaption><\/figure>\n\n\n\n<p>Wir wollen dazu auf der Stra\u00dfe ein Kontrastprogramm bieten und den Damen und Herren im Porschemuseum zeigen, wie wir uns die Zukunft der Mobilit\u00e4t vorstellen. Alle Freund*innen des Fu\u00df- oder Radverkehrs, eines guten und g\u00fcnstigen \u00f6ffentlichen Nah- oder Fernverkehrs, des Tret- oder gar E-Rollers sind daher herzlich zu unserem offenen B\u00fcndnistreffen am 10.9.19 um 17:00 Uhr bei den AnStiftern in der Werastra\u00dfe 10 in Stuttgart eingeladen. Bringt bitte viele gute Ideen, Gedanken und Geduld mit.<\/p>\n\n\n\n<p>Wenn ihr Fragen habt, schreibt einfach eine Mail an benjamin.schad@verkehrswende-jetzt.de <\/p>\n\n\n\n<p><\/p>\n\n\n\n<p> <\/p>\n","protected":false},"excerpt":{"rendered":"<p>Es geht wieder los! &#8211; Handelsblatt Autogipfel 2019 bei Porsche Vom 23.10.19 bis 25.10.19 findet in Stuttgart der diesj\u00e4hrige Autogipfel des Handelsblatts statt. Zum schlanken Preis von 2600 Euro erhalten Geneigte im Porschemuseum die M\u00f6glichkeit , den Ausf\u00fchrungen der Vorst\u00e4nde von Daimler, Porsche, BMW und Opel \u00fcber die Zukunft der Mobilit\u00e4t zu lauschen. (https:\/\/veranstaltungen.handelsblatt.com\/autogipfel\/auto-gipfel-2019\/programm-2019\/) Wir &hellip; <a href=\"http:\/\/verkehrswende-jetzt.de\/?p=379\" class=\"more-link\"><span class=\"screen-reader-text\">Autogipfel 2019<\/span> weiterlesen<\/a><\/p>\n","protected":false},"author":1,"featured_media":0,"comment_status":"open","ping_status":"open","sticky":false,"template":"","format":"standard","meta":{"footnotes":""},"categories":[1],"tags":[],"class_list":["post-379","post","type-post","status-publish","format-standard","hentry","category-uncategorized"],"_links":{"self":[{"href":"http:\/\/verkehrswende-jetzt.de\/index.php?rest_route=\/wp\/v2\/posts\/379","targetHints":{"allow":["GET"]}}],"collection":[{"href":"http:\/\/verkehrswende-jetzt.de\/index.php?rest_route=\/wp\/v2\/posts"}],"about":[{"href":"http:\/\/verkehrswende-jetzt.de\/index.php?rest_route=\/wp\/v2\/types\/post"}],"author":[{"embeddable":true,"href":"http:\/\/verkehrswende-jetzt.de\/index.php?rest_route=\/wp\/v2\/users\/1"}],"replies":[{"embeddable":true,"href":"http:\/\/verkehrswende-jetzt.de\/index.php?rest_route=%2Fwp%2Fv2%2Fcomments&post=379"}],"version-history":[{"count":1,"href":"http:\/\/verkehrswende-jetzt.de\/index.php?rest_route=\/wp\/v2\/posts\/379\/revisions"}],"predecessor-version":[{"id":381,"href":"http:\/\/verkehrswende-jetzt.de\/index.php?rest_route=\/wp\/v2\/posts\/379\/revisions\/381"}],"wp:attachment":[{"href":"http:\/\/verkehrswende-jetzt.de\/index.php?rest_route=%2Fwp%2Fv2%2Fmedia&parent=379"}],"wp:term":[{"taxonomy":"category","embeddable":true,"href":"http:\/\/verkehrswende-jetzt.de\/index.php?rest_route=%2Fwp%2Fv2%2Fcategories&post=379"},{"taxonomy":"post_tag","embeddable":true,"href":"http:\/\/verkehrswende-jetzt.de\/index.php?rest_route=%2Fwp%2Fv2%2Ftags&post=379"}],"curies":[{"name":"wp","href":"https:\/\/api.w.org\/{rel}","templated":true}]}}