{"id":369,"date":"2018-09-06T14:55:35","date_gmt":"2018-09-06T14:55:35","guid":{"rendered":"http:\/\/verkehrswende-jetzt.de\/?p=369"},"modified":"2018-09-06T14:55:35","modified_gmt":"2018-09-06T14:55:35","slug":"internationaler-autofreier-tag-in-stuttgart","status":"publish","type":"post","link":"http:\/\/verkehrswende-jetzt.de\/?p=369","title":{"rendered":"Internationaler autofreier Tag in Stuttgart"},"content":{"rendered":"<p><strong>So, 23. September 2018, 14:00 Uhr &#8211; 17:00 Uhr<\/strong><br \/>\n<a href=\"https:\/\/www.die-anstifter.de\/veranstaltungsorte\/b14-zwischen-oper-und-landtag\/\">B14, zwischen Oper und Landtag<\/a>, Konrad-Adenauer-Stra\u00dfe 3, 70173 Stuttgart<br \/>\nVeranstalter: ADFC-KV, BI Neckartor, BUND-KV, Critical Mass, die AnStifter, Esslingen-Feinstaub-L\u00e4rm e.V., FUSS e.V. Stuttgart, Klima- und Umweltb\u00fcndnis Stuttgart, Kommunale Stadtwerke e.V., Mobilfunk in Stuttgart \u2013 B\u00fcrgerinitiative Stuttgart-West, Naturfreunde Stuttgart e.V., Plattsalat West, Robin Wood Regionalgruppe, Stuttgart laufd nai, Stuttgart Solar e.V., Umweltgewerkschaft e.V. -OG, VCD KV, Verkehrswende jetzt!<\/p>\n<p><a href=\"https:\/\/www.die-anstifter.de\/wp-content\/uploads\/2018\/09\/autofreier-tag_2018-09-05.jpg\"><img loading=\"lazy\" decoding=\"async\" class=\"size-large wp-image-37911 alignleft\" src=\"https:\/\/www.die-anstifter.de\/wp-content\/uploads\/2018\/09\/autofreier-tag_2018-09-05-362x1024.jpg\" alt=\"\" width=\"362\" height=\"1024\" \/><\/a>Stuttgarter Umweltverb\u00e4nde und Regionale Umweltgruppen feiern am 23. September 2018 einen autofreien Sonntag.<\/p>\n<p><strong>Der Gedanke:<\/strong><br \/>\nEinen Tag pro Jahr generell auf den Gebrauch des Autos zu verzichten, wird bereits von fast allen Staaten der Europ\u00e4ischen Union und dar\u00fcber hinaus von den meisten Kommunen und St\u00e4dten unterst\u00fctzt. Tausende Gemeinden in Deutschland, hunderte in der Schweiz und in \u00d6sterreich und ebenso in anderen L\u00e4ndern haben entsprechende Aufrufe erlassen. Viele St\u00e4dte und Orte sperren ihre Zentren f\u00fcr die Dauer dieses Tages f\u00fcr den gesamten motorisierten Verkehr.<\/p>\n<p><strong>Die Fakten:<\/strong><br \/>\nDie Stuttgarter Stadtverwaltung, mit einem gr\u00fcnen Oberb\u00fcrgermeister an der Spitze, schaffen es nicht sich dieser symboltr\u00e4chtigen Aktion anzuschlie\u00dfen. An der Europ\u00e4ischen Woche der Mobilit\u00e4t beteiligt sie sich auch nicht. Es gab mehrere Antr\u00e4ge der S\u00d6S\/ Linken Gemeinderatsfraktion f\u00fcr einen Autofreien Tag, die abgelehnt wurden. Die SPD Gemeinderatsfraktion stellte dazu einen Antrag am 26. Januar 2018, der bis heute nicht beantwortet wurde, man muss ja Zeit gewinnen<\/p>\n<p><strong>Unser Motto:<\/strong> Es gibt nichts Gutes au\u00dfer man tut es (Erich K\u00e4stner)<br \/>\nWenn die Stadtverwaltung an der Europ\u00e4ischen Mobilit\u00e4tswoche nicht teilnimmt, den Autofreien Sonntag und schnelle, wirksame Ma\u00dfnahmen f\u00fcr eine Verkehrswende blockiert, m\u00fcssen wir B\u00fcrger und Umweltverb\u00e4nde handeln und den autofreien Sonntag notgedrungen selbst organisieren.<br \/>\nDer Hintergrund: Das Klima ist mit dem Sommer 2018 wieder in aller Munde: Stress f\u00fcr Geh\u00f6lze und Menschen kann man als Schlagzeile lesen, wobei der Sommer dieses Jahr schon im April angefangen hat und voraussichtlich einen Trockenheitsrekord aufstellen wird. Der menschenbedingte Klimawandel wird durch die erh\u00f6hten Treibhausgase verursacht. In Baden-W\u00fcrttemberg ist der Verkehr der gr\u00f6\u00dfte CO2-Emittent. Ein Umsteuern f\u00fcr eine nachhaltige Mobilit\u00e4t ist dringend notwendig. Auf der EU-Ebene hat die Kommission die Kampagne der Europ\u00e4ischen Mobilit\u00e4tswoche in Leben gerufen. Seit 2000 findet auf Initiative der EU-Kommissarin Wallstr\u00f6m und einiger EU-Staaten der autofreie Tag j\u00e4hrlich am 22. September statt. Die Stuttgarter B\u00fcrger sind klimatisch durch die Kessellage von allen Landeshauptst\u00e4dten am h\u00e4rtesten betroffen. Im Winter Inversionswetterlagen, die die Luft mit giftigen Schadstoffen \u2013 vor allem aus dem Verkehr- anreichern, im Sommer steht die Hitze auch nachts unertr\u00e4glich in den Wohnungen. Stuttgart ist Stauhauptstadt Deutschlands und hat mit dem Neckartor die schmutzigste Kreuzung Deutschlands. Seit 2005 werden die Grenzwerte f\u00fcr Feinstaub ununterbrochen \u00fcberschritten, seit 2010 f\u00fcr Stickoxide. Geeignete Ma\u00dfnahmen zur schnellstm\u00f6glichen und dauerhaften Luftreinhaltung \u2013 Fehlanzeige! Man hat den Eindruck, dass Rechtsgehorsam nur f\u00fcr den gemeinen B\u00fcrger gilt, Beh\u00f6rden k\u00f6nnen sich \u00fcber EU- und Bundesrecht problemlos hinwegsetzen.<\/p>\n<p><strong>Unser Ziel:<\/strong> Eine lebenswerte Stadt mit weniger Verkehr, Stress, L\u00e4rm und besserer Luft \u2013 eine nachhaltige Verkehrswende nicht am Sanktnimmerleinstag sondern jetzt!<\/p>\n<p><strong>SPENDEN<br \/>\n<\/strong>Unterst\u00fctzen Sie unsere Aktionen zum autofreien Tag in Stuttgart jetzt mit Ihrer Spende!<\/p>\n<p>Kontoinhaber: Die AnStifter<br \/>\nIBAN: DE31 4306 0967 7000 5827 01<br \/>\nBIC: GENODEM1GLS<br \/>\nBank: GLS-Bank<br \/>\nStichwort: Verkehrswende<\/p>\n","protected":false},"excerpt":{"rendered":"<p>So, 23. September 2018, 14:00 Uhr &#8211; 17:00 Uhr B14, zwischen Oper und Landtag, Konrad-Adenauer-Stra\u00dfe 3, 70173 Stuttgart Veranstalter: ADFC-KV, BI Neckartor, BUND-KV, Critical Mass, die AnStifter, Esslingen-Feinstaub-L\u00e4rm e.V., FUSS e.V. Stuttgart, Klima- und Umweltb\u00fcndnis Stuttgart, Kommunale Stadtwerke e.V., Mobilfunk in Stuttgart \u2013 B\u00fcrgerinitiative Stuttgart-West, Naturfreunde Stuttgart e.V., Plattsalat West, Robin Wood Regionalgruppe, Stuttgart laufd &hellip; <a href=\"http:\/\/verkehrswende-jetzt.de\/?p=369\" class=\"more-link\"><span class=\"screen-reader-text\">Internationaler autofreier Tag in Stuttgart<\/span> weiterlesen<\/a><\/p>\n","protected":false},"author":1,"featured_media":0,"comment_status":"open","ping_status":"open","sticky":false,"template":"","format":"standard","meta":{"footnotes":""},"categories":[1],"tags":[],"class_list":["post-369","post","type-post","status-publish","format-standard","hentry","category-uncategorized"],"_links":{"self":[{"href":"http:\/\/verkehrswende-jetzt.de\/index.php?rest_route=\/wp\/v2\/posts\/369","targetHints":{"allow":["GET"]}}],"collection":[{"href":"http:\/\/verkehrswende-jetzt.de\/index.php?rest_route=\/wp\/v2\/posts"}],"about":[{"href":"http:\/\/verkehrswende-jetzt.de\/index.php?rest_route=\/wp\/v2\/types\/post"}],"author":[{"embeddable":true,"href":"http:\/\/verkehrswende-jetzt.de\/index.php?rest_route=\/wp\/v2\/users\/1"}],"replies":[{"embeddable":true,"href":"http:\/\/verkehrswende-jetzt.de\/index.php?rest_route=%2Fwp%2Fv2%2Fcomments&post=369"}],"version-history":[{"count":1,"href":"http:\/\/verkehrswende-jetzt.de\/index.php?rest_route=\/wp\/v2\/posts\/369\/revisions"}],"predecessor-version":[{"id":370,"href":"http:\/\/verkehrswende-jetzt.de\/index.php?rest_route=\/wp\/v2\/posts\/369\/revisions\/370"}],"wp:attachment":[{"href":"http:\/\/verkehrswende-jetzt.de\/index.php?rest_route=%2Fwp%2Fv2%2Fmedia&parent=369"}],"wp:term":[{"taxonomy":"category","embeddable":true,"href":"http:\/\/verkehrswende-jetzt.de\/index.php?rest_route=%2Fwp%2Fv2%2Fcategories&post=369"},{"taxonomy":"post_tag","embeddable":true,"href":"http:\/\/verkehrswende-jetzt.de\/index.php?rest_route=%2Fwp%2Fv2%2Ftags&post=369"}],"curies":[{"name":"wp","href":"https:\/\/api.w.org\/{rel}","templated":true}]}}