{"id":355,"date":"2018-07-24T13:00:30","date_gmt":"2018-07-24T13:00:30","guid":{"rendered":"http:\/\/verkehrswende-jetzt.de\/?p=355"},"modified":"2019-10-31T10:13:13","modified_gmt":"2019-10-31T10:13:13","slug":"kretschmann-in-der-stz-zum-strategiedialog-24-7-18","status":"publish","type":"post","link":"http:\/\/verkehrswende-jetzt.de\/?p=355","title":{"rendered":"Kretschmann in der StZ zum Strategiedialog (24.7.18)"},"content":{"rendered":"\n<blockquote class=\"wp-block-quote is-layout-flow wp-block-quote-is-layout-flow\"><p>&#8222;Und wir werden die B\u00fcrgerinnen und B\u00fcrger st\u00e4rker miteinbeziehen. Denn dieser Prozess ist nicht nur eine wirtschaftliche und technologische sondern auch eine gesellschaftliche Herausforderung.&#8220;<\/p><cite><a href=\"https:\/\/www.stuttgarter-zeitung.de\/inhalt.kretschmann-zum-wandel-der-autobranche-wir-duerfen-uns-nicht-abhaengen-lassen.772dd75d-8d84-42d2-9151-8c8336921555.html\">https:\/\/www.stuttgarter-zeitung.de\/inhalt.kretschmann-zum-wandel-der-autobranche-wir-duerfen-uns-nicht-abhaengen-lassen.772dd75d-8d84-42d2-9151-8c8336921555.html<\/a> <\/cite><\/blockquote>\n\n\n\n<p>Wir sind gespannt.<\/p>\n","protected":false},"excerpt":{"rendered":"<p>&#8222;Und wir werden die B\u00fcrgerinnen und B\u00fcrger st\u00e4rker miteinbeziehen. Denn dieser Prozess ist nicht nur eine wirtschaftliche und technologische sondern auch eine gesellschaftliche Herausforderung.&#8220; https:\/\/www.stuttgarter-zeitung.de\/inhalt.kretschmann-zum-wandel-der-autobranche-wir-duerfen-uns-nicht-abhaengen-lassen.772dd75d-8d84-42d2-9151-8c8336921555.html Wir sind gespannt.<\/p>\n","protected":false},"author":1,"featured_media":0,"comment_status":"open","ping_status":"open","sticky":false,"template":"","format":"standard","meta":{"footnotes":""},"categories":[1],"tags":[],"class_list":["post-355","post","type-post","status-publish","format-standard","hentry","category-uncategorized"],"_links":{"self":[{"href":"http:\/\/verkehrswende-jetzt.de\/index.php?rest_route=\/wp\/v2\/posts\/355","targetHints":{"allow":["GET"]}}],"collection":[{"href":"http:\/\/verkehrswende-jetzt.de\/index.php?rest_route=\/wp\/v2\/posts"}],"about":[{"href":"http:\/\/verkehrswende-jetzt.de\/index.php?rest_route=\/wp\/v2\/types\/post"}],"author":[{"embeddable":true,"href":"http:\/\/verkehrswende-jetzt.de\/index.php?rest_route=\/wp\/v2\/users\/1"}],"replies":[{"embeddable":true,"href":"http:\/\/verkehrswende-jetzt.de\/index.php?rest_route=%2Fwp%2Fv2%2Fcomments&post=355"}],"version-history":[{"count":6,"href":"http:\/\/verkehrswende-jetzt.de\/index.php?rest_route=\/wp\/v2\/posts\/355\/revisions"}],"predecessor-version":[{"id":417,"href":"http:\/\/verkehrswende-jetzt.de\/index.php?rest_route=\/wp\/v2\/posts\/355\/revisions\/417"}],"wp:attachment":[{"href":"http:\/\/verkehrswende-jetzt.de\/index.php?rest_route=%2Fwp%2Fv2%2Fmedia&parent=355"}],"wp:term":[{"taxonomy":"category","embeddable":true,"href":"http:\/\/verkehrswende-jetzt.de\/index.php?rest_route=%2Fwp%2Fv2%2Fcategories&post=355"},{"taxonomy":"post_tag","embeddable":true,"href":"http:\/\/verkehrswende-jetzt.de\/index.php?rest_route=%2Fwp%2Fv2%2Ftags&post=355"}],"curies":[{"name":"wp","href":"https:\/\/api.w.org\/{rel}","templated":true}]}}