{"id":264,"date":"2018-06-20T08:10:40","date_gmt":"2018-06-20T08:10:40","guid":{"rendered":"http:\/\/verkehrswende-jetzt.de\/?p=264"},"modified":"2018-06-25T07:51:16","modified_gmt":"2018-06-25T07:51:16","slug":"aktion-und-pressekonferenz-des-personenbuendnisses-verkehrswende-am-19-6-in-berlin","status":"publish","type":"post","link":"http:\/\/verkehrswende-jetzt.de\/?p=264","title":{"rendered":"Aktion und Pressekonferenz des Personenb\u00fcndnisses Verkehrswende am 19.6. in Berlin"},"content":{"rendered":"<figure id=\"attachment_265\" aria-describedby=\"caption-attachment-265\" style=\"width: 300px\" class=\"wp-caption alignnone\"><img loading=\"lazy\" decoding=\"async\" class=\"size-medium wp-image-265\" src=\"http:\/\/verkehrswende-jetzt.de\/wp-content\/uploads\/2018\/06\/RUBY_Verkehrswende05-300x200.jpg\" alt=\"\" width=\"300\" height=\"200\" srcset=\"http:\/\/verkehrswende-jetzt.de\/wp-content\/uploads\/2018\/06\/RUBY_Verkehrswende05-300x200.jpg 300w, http:\/\/verkehrswende-jetzt.de\/wp-content\/uploads\/2018\/06\/RUBY_Verkehrswende05-768x513.jpg 768w, http:\/\/verkehrswende-jetzt.de\/wp-content\/uploads\/2018\/06\/RUBY_Verkehrswende05-1024x684.jpg 1024w\" sizes=\"auto, (max-width: 300px) 100vw, 300px\" \/><figcaption id=\"caption-attachment-265\" class=\"wp-caption-text\"><br \/>Foto: RubyImages\/F. Boillot<\/figcaption><\/figure>\n<p>Gestern am fr\u00fchen Morgen fand am Berliner Hauptbahnhof eine Aktion des Personenb\u00fcndnisses Verkehrswende aus Anlasse des abgeblasenen Autogipfels der Bundesregierung statt. W\u00e4hrend ein Hornist den eingefahrenen Zug mit einem Marsch begr\u00fc\u00dfte, entrollte eine Gruppe von Aktivist*innen ein Banner und schm\u00fcckte den den Zug mit Blumenkr\u00e4nzen.<\/p>\n<p>&nbsp;<\/p>\n<figure id=\"attachment_276\" aria-describedby=\"caption-attachment-276\" style=\"width: 300px\" class=\"wp-caption alignnone\"><img loading=\"lazy\" decoding=\"async\" class=\"size-medium wp-image-276\" src=\"http:\/\/verkehrswende-jetzt.de\/wp-content\/uploads\/2018\/06\/RUBY_VerkehrswendeBPK29-300x200.jpg\" alt=\"\" width=\"300\" height=\"200\" srcset=\"http:\/\/verkehrswende-jetzt.de\/wp-content\/uploads\/2018\/06\/RUBY_VerkehrswendeBPK29-300x200.jpg 300w, http:\/\/verkehrswende-jetzt.de\/wp-content\/uploads\/2018\/06\/RUBY_VerkehrswendeBPK29-768x513.jpg 768w, http:\/\/verkehrswende-jetzt.de\/wp-content\/uploads\/2018\/06\/RUBY_VerkehrswendeBPK29-1024x684.jpg 1024w\" sizes=\"auto, (max-width: 300px) 100vw, 300px\" \/><figcaption id=\"caption-attachment-276\" class=\"wp-caption-text\">Pressekonferenz des B\u00fcndnis &#8222;Verkehrswende Jetzt!&#8220; f\u00fcr weniger Autos, mehr Lebensqualit\u00e4t am 19.06.2018 in der Bundespressekonferenz in Berlin<br \/>Foto: RubyImages\/F. Boillot<\/figcaption><\/figure>\n<p>Im Anschluss daran fanden im Tagungszentrum der Bundespressekonferenz eine Pressekonferenz und ein Hearing statt, bei dem namhafte Wissenschaftler und Experten ihre Charta f\u00fcr eine Verkehrswende vorstellten und die Verkehrspolitik der Bundesregierung heftig kritisierten. Der genaue Ablauf der Veranstaltung, die Charta und Statements der Experten sind den folgenden Dokumenten zu entnehmen:<\/p>\n<p><a href=\"http:\/\/verkehrswende-jetzt.de\/wp-content\/uploads\/2018\/06\/Charta-Verkehrswende-2018.pdf\">Die Charta Verkehrswende 2018<\/a><\/p>\n<p><a href=\"http:\/\/verkehrswende-jetzt.de\/wp-content\/uploads\/2018\/06\/Grottian_Einladung-Pressekonferenz_final.pdf\">Das Einladungsschreiben<\/a><\/p>\n<p><a href=\"http:\/\/verkehrswende-jetzt.de\/wp-content\/uploads\/2018\/06\/Programm-Pressekonferenz-und-Hearing.pdf\">Das Programm von Pressekonferenz und Hearing<\/a><\/p>\n<p><a href=\"http:\/\/verkehrswende-jetzt.de\/wp-content\/uploads\/2018\/06\/Grottian-Hearing.pdf\">Der Beitrag von Peter Grottian<\/a><\/p>\n<p>Die Kurzfassungen der Beitr\u00e4ge von Weert Canzler, Prof. Stephan Rammler, Prof. Stephan Lessenich, Hendrik Auhagen und Denis Petri: <a href=\"http:\/\/verkehrswende-jetzt.de\/wp-content\/uploads\/2018\/06\/Kurzfassungen.pdf\">Kurzfassungen<\/a><\/p>\n<p>&nbsp;<\/p>\n<p>&nbsp;<\/p>\n","protected":false},"excerpt":{"rendered":"<p>Gestern am fr\u00fchen Morgen fand am Berliner Hauptbahnhof eine Aktion des Personenb\u00fcndnisses Verkehrswende aus Anlasse des abgeblasenen Autogipfels der Bundesregierung statt. W\u00e4hrend ein Hornist den eingefahrenen Zug mit einem Marsch begr\u00fc\u00dfte, entrollte eine Gruppe von Aktivist*innen ein Banner und schm\u00fcckte den den Zug mit Blumenkr\u00e4nzen. &nbsp; Im Anschluss daran fanden im Tagungszentrum der Bundespressekonferenz eine &hellip; <a href=\"http:\/\/verkehrswende-jetzt.de\/?p=264\" class=\"more-link\"><span class=\"screen-reader-text\">Aktion und Pressekonferenz des Personenb\u00fcndnisses Verkehrswende am 19.6. in Berlin<\/span> weiterlesen<\/a><\/p>\n","protected":false},"author":1,"featured_media":0,"comment_status":"open","ping_status":"open","sticky":false,"template":"","format":"standard","meta":{"footnotes":""},"categories":[1],"tags":[],"class_list":["post-264","post","type-post","status-publish","format-standard","hentry","category-uncategorized"],"_links":{"self":[{"href":"http:\/\/verkehrswende-jetzt.de\/index.php?rest_route=\/wp\/v2\/posts\/264","targetHints":{"allow":["GET"]}}],"collection":[{"href":"http:\/\/verkehrswende-jetzt.de\/index.php?rest_route=\/wp\/v2\/posts"}],"about":[{"href":"http:\/\/verkehrswende-jetzt.de\/index.php?rest_route=\/wp\/v2\/types\/post"}],"author":[{"embeddable":true,"href":"http:\/\/verkehrswende-jetzt.de\/index.php?rest_route=\/wp\/v2\/users\/1"}],"replies":[{"embeddable":true,"href":"http:\/\/verkehrswende-jetzt.de\/index.php?rest_route=%2Fwp%2Fv2%2Fcomments&post=264"}],"version-history":[{"count":7,"href":"http:\/\/verkehrswende-jetzt.de\/index.php?rest_route=\/wp\/v2\/posts\/264\/revisions"}],"predecessor-version":[{"id":300,"href":"http:\/\/verkehrswende-jetzt.de\/index.php?rest_route=\/wp\/v2\/posts\/264\/revisions\/300"}],"wp:attachment":[{"href":"http:\/\/verkehrswende-jetzt.de\/index.php?rest_route=%2Fwp%2Fv2%2Fmedia&parent=264"}],"wp:term":[{"taxonomy":"category","embeddable":true,"href":"http:\/\/verkehrswende-jetzt.de\/index.php?rest_route=%2Fwp%2Fv2%2Fcategories&post=264"},{"taxonomy":"post_tag","embeddable":true,"href":"http:\/\/verkehrswende-jetzt.de\/index.php?rest_route=%2Fwp%2Fv2%2Ftags&post=264"}],"curies":[{"name":"wp","href":"https:\/\/api.w.org\/{rel}","templated":true}]}}